{"id":279,"date":"2024-09-03T17:15:12","date_gmt":"2024-09-03T15:15:12","guid":{"rendered":"https:\/\/www.mansasmacrame.com\/blog-mansasmacrame\/?p=279"},"modified":"2024-09-17T12:14:16","modified_gmt":"2024-09-17T10:14:16","slug":"comment-choisir-sa-corde-pour-faire-du-macrame","status":"publish","type":"post","link":"https:\/\/www.mansasmacrame.com\/blog-mansasmacrame\/2024\/09\/03\/comment-choisir-sa-corde-pour-faire-du-macrame\/","title":{"rendered":"Comment choisir sa corde pour faire du macram\u00e9 ?"},"content":{"rendered":"\n<p>Chez <strong>Corderie Mansas<\/strong>, nous ne consid\u00e9rons pas le macram\u00e9 comme une simple activit\u00e9 manuelle, mais comme une <strong>v\u00e9ritable passion<\/strong> r\u00e9sultant en objets de <strong>d\u00e9coration, bijoux et accessoires <\/strong>sans pareil. Novice en qu\u00eate de perfectionnement, vous vous demandez certainement <strong>comment choisir la corde id\u00e9ale<\/strong> pour bien commencer ?<\/p>\n\n\n\n<p><strong>Pas de panique, nous sommes l\u00e0\u00a0pour vous guider pas \u00e0\u00a0pas <\/strong>\u2728<br><br><\/p>\n\n\n<div class=\"wp-block-image\">\n<figure class=\"aligncenter size-large\"><img decoding=\"async\" loading=\"lazy\" width=\"1024\" height=\"330\" src=\"https:\/\/www.mansasmacrame.com\/blog-mansasmacrame\/wp-content\/uploads\/2024\/09\/Cordes-en-coton-macrame-1024x330.png\" alt=\"\" class=\"wp-image-283\" srcset=\"https:\/\/www.mansasmacrame.com\/blog-mansasmacrame\/wp-content\/uploads\/2024\/09\/Cordes-en-coton-macrame-1024x330.png 1024w, https:\/\/www.mansasmacrame.com\/blog-mansasmacrame\/wp-content\/uploads\/2024\/09\/Cordes-en-coton-macrame-300x97.png 300w, https:\/\/www.mansasmacrame.com\/blog-mansasmacrame\/wp-content\/uploads\/2024\/09\/Cordes-en-coton-macrame-768x248.png 768w, https:\/\/www.mansasmacrame.com\/blog-mansasmacrame\/wp-content\/uploads\/2024\/09\/Cordes-en-coton-macrame.png 1240w\" sizes=\"(max-width: 1024px) 100vw, 1024px\" \/><\/figure><\/div>\n\n\n<h3 class=\"wp-block-heading\"><br><strong>1. Les fils et cordes naturelles pour macram\u00e9<\/strong><\/h3>\n\n\n\n<p>Le choix du fil est essentiel pour r\u00e9ussir vos cr\u00e9ations. Le macram\u00e9 se r\u00e9alise souvent avec de la <strong>corde en coton<\/strong>, mais n&rsquo;h\u00e9sitez pas \u00e0&nbsp; explorer d&rsquo;autres mati\u00e8res naturelles comme le <strong>jute, le lin, le bambou, le raphia ou la fibre de coco<\/strong>. Pour les projets ext\u00e9rieurs, privil\u00e9giez les <em>mati\u00e8res synth\u00e9tiques<\/em>, plus r\u00e9sistantes aux intemp\u00e9ries.<\/p>\n\n\n\n<ul>\n<li><strong><a href=\"https:\/\/www.mansasmacrame.com\/fr\/cordes-en-coton\/3775-coton-torsade.html\" data-type=\"URL\" data-id=\"https:\/\/www.mansasmacrame.com\/fr\/cordes-en-coton\/3775-coton-torsade.html\" target=\"_blank\" rel=\"noreferrer noopener\">Corde en coton torsad\u00e9<\/a><\/strong> : Parfaite pour apprendre le macram\u00e9, cette corde se noue et se d\u00e9fait facilement tout en gardant une bonne tenue. Elle est id\u00e9ale pour les franges, plumes et pompons, bien que son rendu soit l\u00e9g\u00e8rement ondul\u00e9 apr\u00e8s peignage. C\u2019est la corde la plus pl\u00e9biscit\u00e9e, notamment de couleur \u00e9cru de 3 mm de diam\u00e8tre.&nbsp;<\/li>\n\n\n\n<li><a href=\"https:\/\/www.mansasmacrame.com\/fr\/cordes-en-coton\/3776-coton-peigne.html\" data-type=\"URL\" data-id=\"https:\/\/www.mansasmacrame.com\/fr\/cordes-en-coton\/3776-coton-peigne.html\" target=\"_blank\" rel=\"noreferrer noopener\"><strong>Corde en coton peign\u00e9<\/strong> :<\/a> \u00c9galement appel\u00e9e \u00ab\u00a0single twist\u00a0\u00bb, cette corde, constitu\u00e9e d\u2019un seul brin torsad\u00e9, est douce et souple. Bien qu&rsquo;elle soit plus difficile \u00e0&nbsp; travailler sur de longues distances en raison de sa tendance \u00e0&nbsp; se d\u00e9faire facilement, son rendu lisse est parfait pour des franges et pompons impeccables.<\/li>\n\n\n\n<li><a rel=\"noreferrer noopener\" href=\"https:\/\/www.mansasmacrame.com\/fr\/553-fil-tresse\" data-type=\"URL\" data-id=\"https:\/\/www.mansasmacrame.com\/fr\/553-fil-tresse\" target=\"_blank\"><strong>Corde en coton tress\u00e9<\/strong> :<\/a> Compos\u00e9e de plusieurs brins tress\u00e9s ensemble, cette corde est moelleuse et souple, id\u00e9ale pour des cr\u00e9ations a\u00e9r\u00e9es et l\u00e9g\u00e8res. Elle peut contenir un cordon int\u00e9rieur pour plus de rondeur et de solidit\u00e9, mais elle n&rsquo;est pas peignable comme les autres cordes.<br><br><br><\/li>\n<\/ul>\n\n\n<div class=\"wp-block-image\">\n<figure class=\"aligncenter size-full is-resized\"><img decoding=\"async\" loading=\"lazy\" src=\"https:\/\/www.mansasmacrame.com\/blog-mansasmacrame\/wp-content\/uploads\/2024\/09\/2.png\" alt=\"\" class=\"wp-image-285\" width=\"426\" height=\"426\" srcset=\"https:\/\/www.mansasmacrame.com\/blog-mansasmacrame\/wp-content\/uploads\/2024\/09\/2.png 1000w, https:\/\/www.mansasmacrame.com\/blog-mansasmacrame\/wp-content\/uploads\/2024\/09\/2-300x300.png 300w, https:\/\/www.mansasmacrame.com\/blog-mansasmacrame\/wp-content\/uploads\/2024\/09\/2-150x150.png 150w, https:\/\/www.mansasmacrame.com\/blog-mansasmacrame\/wp-content\/uploads\/2024\/09\/2-768x768.png 768w\" sizes=\"(max-width: 426px) 100vw, 426px\" \/><\/figure><\/div>\n\n\n<h3 class=\"wp-block-heading\"><br><strong>2. Le diam\u00e8tre des cordes<\/strong><\/h3>\n\n\n\n<p>Le diam\u00e8tre de la corde d\u00e9pendra de votre projet. <strong>Pour des petites pi\u00e8ces<\/strong> comme des porte-cl\u00e9s ou des marque-pages, pr\u00e9f\u00e9rez les <strong>petits diam\u00e8tres<\/strong> pour un rendu raffin\u00e9. <strong>Pour les grandes pi\u00e8ces<\/strong>, choisissez un <strong>diam\u00e8tre plus gros<\/strong> pour r\u00e9duire le nombre de n\u0153uds n\u00e9cessaires. Gardez \u00e0&nbsp; l&rsquo;esprit que plus la corde est \u00e9paisse, plus elle peut \u00eatre difficile \u00e0&nbsp; travailler. <strong>Si vous d\u00e9butez, nous vous conseillons d&rsquo;utiliser la corde en coton torsad\u00e9 de 2,5 mm ou 3 mm<\/strong>, qui se tient facilement et est parfaite pour l\u2019apprentissage des n\u0153uds de macram\u00e9. Dans la plupart des cas, le choix du diam\u00e8tre sera aussi une question de go\u00fbt personnel.<br><br><\/p>\n\n\n<div class=\"wp-block-image\">\n<figure class=\"aligncenter size-full is-resized\"><img decoding=\"async\" loading=\"lazy\" src=\"https:\/\/www.mansasmacrame.com\/blog-mansasmacrame\/wp-content\/uploads\/2024\/09\/kit-macrame-suspension-de-plante-en-exterieur.png\" alt=\"\" class=\"wp-image-286\" width=\"444\" height=\"444\" srcset=\"https:\/\/www.mansasmacrame.com\/blog-mansasmacrame\/wp-content\/uploads\/2024\/09\/kit-macrame-suspension-de-plante-en-exterieur.png 620w, https:\/\/www.mansasmacrame.com\/blog-mansasmacrame\/wp-content\/uploads\/2024\/09\/kit-macrame-suspension-de-plante-en-exterieur-300x300.png 300w, https:\/\/www.mansasmacrame.com\/blog-mansasmacrame\/wp-content\/uploads\/2024\/09\/kit-macrame-suspension-de-plante-en-exterieur-150x150.png 150w\" sizes=\"(max-width: 444px) 100vw, 444px\" \/><\/figure><\/div>\n\n\n<h3 class=\"wp-block-heading\"><br><strong>3. Les cordes en ext\u00e9rieur<\/strong><\/h3>\n\n\n\n<p><strong>Pour des cr\u00e9ations expos\u00e9es \u00e0&nbsp; l&rsquo;ext\u00e9rieur<\/strong>, nous proposons une gamme de <strong>cordes synth\u00e9tiques<\/strong>, id\u00e9ales pour d\u2019\u00e9ventuelles intemp\u00e9ries. Elles se nouent facilement et sont disponibles dans de nombreux coloris. Parmi elles, <strong><a rel=\"noreferrer noopener\" href=\"https:\/\/www.mansasmacrame.com\/fr\/fibres-synthetiques\/3778-14862-drisse.html#\/2-longueur-100_m\/10-diametre-3\/77-couleur-blanc\/2586-gamme-polypropylene\" target=\"_blank\">la drisse polypropyl\u00e8ne<\/a><\/strong> est particuli\u00e8rement recommand\u00e9e : <strong>trait\u00e9e anti-UV<\/strong>, elle <strong>r\u00e9siste \u00e0&nbsp; l&rsquo;humidit\u00e9<\/strong> et conserve sa solidit\u00e9 dans le temps. C&rsquo;est la corde parfaite pour des projets comme les v\u00eatements en macram\u00e9, la r\u00e9fection de chaises suspendues ou Acapulco, les fauteuils en macram\u00e9, et m\u00eame les garde-corps. Elle allie <strong>esth\u00e9tique et r\u00e9sistance <\/strong>pour tous vos projets en plein air !<\/p>\n\n\n\n<p>Si toutefois vous souhaitez utiliser une mati\u00e8re naturelle pour vos cr\u00e9ations en macram\u00e9 en ext\u00e9rieur, assurez-vous que celles-ci soient plac\u00e9es sous abri. Pour garantir leur durabilit\u00e9, nous vous recommandons d&rsquo;imperm\u00e9abiliser vos \u0153uvres avec notre<strong> <a rel=\"noreferrer noopener\" href=\"https:\/\/www.mansasmacrame.com\/fr\/spray-colle\/3764-spray-protecteur.html\" target=\"_blank\">spray protecteur<\/a><\/strong>.<br><br><br><\/p>\n\n\n\n<p><strong>En conclusion,<\/strong> choisir la bonne corde pour votre projet de macram\u00e9 est essentiel pour garantir le succ\u00e8s de vos cr\u00e9ations. Que vous optiez pour des cordes naturelles en coton, en jute ou en lin, ou que vous pr\u00e9f\u00e9riez des mati\u00e8res synth\u00e9tiques pour vos \u0153uvres ext\u00e9rieures, chaque type de corde offre ses propres caract\u00e9ristiques qui peuvent enrichir vos r\u00e9alisations.<\/p>\n\n\n\n<p>Chez Mansas Macram\u00e9, nous vous accompagnons dans votre aventure cr\u00e9ative. Parcourez notre <strong><a rel=\"noreferrer noopener\" href=\"https:\/\/www.mansasmacrame.com\/fr\/\" target=\"_blank\">boutique en ligne<\/a><\/strong> pour d\u00e9couvrir notre large gamme de fils et de cordes, ainsi que tous les outils n\u00e9cessaires pour r\u00e9aliser vos plus belles \u0153uvres en macram\u00e9. Votre passion pour le macram\u00e9 n\u2019attend plus qu\u2019\u00e0\u00a0 \u00eatre exploit\u00e9e. <\/p>\n\n\n\n<p><em><strong><a rel=\"noreferrer noopener\" href=\"https:\/\/www.mansasmacrame.com\/fr\/nous-contacter\" target=\"_blank\">Contactez-nous<\/a> <\/strong>en cas de questions ou si besoin de conseils. Nous avons h\u00e2te de voir vos cr\u00e9ations prendre vie ! <\/em>\u2728<\/p>\n","protected":false},"excerpt":{"rendered":"<p>Vous voulez d\u00e9buter en macram\u00e9 mais h\u00e9sitez sur la corde \u00e0\u00a0 choisir ? Cet article vous guide pour s\u00e9lectionner la corde id\u00e9ale selon le cordage, la mati\u00e8re et le diam\u00e8tre, afin de r\u00e9ussir vos cr\u00e9ations ! \u2728<\/p>\n","protected":false},"author":3,"featured_media":304,"comment_status":"open","ping_status":"open","sticky":true,"template":"","format":"standard","meta":[],"categories":[6],"tags":[],"acf":[],"_links":{"self":[{"href":"https:\/\/www.mansasmacrame.com\/blog-mansasmacrame\/wp-json\/wp\/v2\/posts\/279"}],"collection":[{"href":"https:\/\/www.mansasmacrame.com\/blog-mansasmacrame\/wp-json\/wp\/v2\/posts"}],"about":[{"href":"https:\/\/www.mansasmacrame.com\/blog-mansasmacrame\/wp-json\/wp\/v2\/types\/post"}],"author":[{"embeddable":true,"href":"https:\/\/www.mansasmacrame.com\/blog-mansasmacrame\/wp-json\/wp\/v2\/users\/3"}],"replies":[{"embeddable":true,"href":"https:\/\/www.mansasmacrame.com\/blog-mansasmacrame\/wp-json\/wp\/v2\/comments?post=279"}],"version-history":[{"count":26,"href":"https:\/\/www.mansasmacrame.com\/blog-mansasmacrame\/wp-json\/wp\/v2\/posts\/279\/revisions"}],"predecessor-version":[{"id":527,"href":"https:\/\/www.mansasmacrame.com\/blog-mansasmacrame\/wp-json\/wp\/v2\/posts\/279\/revisions\/527"}],"wp:featuredmedia":[{"embeddable":true,"href":"https:\/\/www.mansasmacrame.com\/blog-mansasmacrame\/wp-json\/wp\/v2\/media\/304"}],"wp:attachment":[{"href":"https:\/\/www.mansasmacrame.com\/blog-mansasmacrame\/wp-json\/wp\/v2\/media?parent=279"}],"wp:term":[{"taxonomy":"category","embeddable":true,"href":"https:\/\/www.mansasmacrame.com\/blog-mansasmacrame\/wp-json\/wp\/v2\/categories?post=279"},{"taxonomy":"post_tag","embeddable":true,"href":"https:\/\/www.mansasmacrame.com\/blog-mansasmacrame\/wp-json\/wp\/v2\/tags?post=279"}],"curies":[{"name":"wp","href":"https:\/\/api.w.org\/{rel}","templated":true}]}}